{"id":1894,"date":"2025-01-14T10:08:19","date_gmt":"2025-01-14T10:08:19","guid":{"rendered":"https:\/\/regipiv-bf.org\/?p=1894"},"modified":"2025-01-14T10:10:38","modified_gmt":"2025-01-14T10:10:38","slug":"renforcement-de-la-lutte-contre-le-vih-le-sida-et-les-ist-la-strategie-nationale-de-communication-et-la-revue-contre-le-sida-comme-outils-cles-de-sensibilisation-et-de-mobilisation","status":"publish","type":"post","link":"https:\/\/regipiv-bf.org\/?p=1894","title":{"rendered":"Renforcement de la Lutte Contre le VIH, le Sida et les IST : La Strat\u00e9gie Nationale de Communication et la Revue \u00ab CONTRE LE SIDA \u00bb comme Outils Cl\u00e9s de Sensibilisation et de Mobilisation"},"content":{"rendered":"\t\t<div data-elementor-type=\"wp-post\" data-elementor-id=\"1894\" class=\"elementor elementor-1894\">\n\t\t\t\t<div class=\"elementor-element elementor-element-7f4ac221 e-flex e-con-boxed e-con e-parent\" data-id=\"7f4ac221\" data-element_type=\"container\" data-e-type=\"container\">\n\t\t\t\t\t<div class=\"e-con-inner\">\n\t\t\t\t<div class=\"elementor-element elementor-element-22f48081 elementor-widget elementor-widget-text-editor\" data-id=\"22f48081\" data-element_type=\"widget\" data-e-type=\"widget\" data-widget_type=\"text-editor.default\">\n\t\t\t\t\t\t\t\t\t\n<p class=\"has-medium-font-size wp-block-paragraph\">La strat\u00e9gie nationale de communication en mati\u00e8re de lutte contre le VIH, le Sida et les IST vise \u00e0 accompagner le Cadre strat\u00e9gique national de lutte contre le Sida et les IST (CSN-Sida) jusqu\u2019en 2026. La communication est un \u00e9l\u00e9ment cl\u00e9 pour pr\u00e9venir les nouvelles infections et am\u00e9liorer la prise en charge des personnes vivant avec le VIH. De nombreux comportements \u00e0 risque sont souvent le r\u00e9sultat d&rsquo;un manque d&rsquo;information ou d&rsquo;une mauvaise compr\u00e9hension de la maladie. C&rsquo;est pourquoi le SP\/CNLS-IST met un accent particulier sur la diffusion de messages de sensibilisation.<br>Dans ce cadre, le d\u00e9partement charg\u00e9 de la Communication et des Relations publiques (DCRP) a lanc\u00e9 une revue trimestrielle, intitul\u00e9e \u00ab CONTRE LE SIDA \u00bb, pour rendre visibles les actions entreprises par les diff\u00e9rents acteurs impliqu\u00e9s dans la lutte contre le VIH et les IST. En raison d\u2019un retard dans le financement, la premi\u00e8re publication n\u2019a pas pu voir le jour. C&rsquo;est pourquoi le num\u00e9ro combin\u00e9 pour le premier et le deuxi\u00e8me trimestre de 2024 a \u00e9t\u00e9 \u00e9labor\u00e9, mettant en lumi\u00e8re les diverses initiatives men\u00e9es pendant cette p\u00e9riode. Parmi les participants actifs, le REGIPIV-BF a pris part \u00e0 un atelier important, contribuant ainsi \u00e0 l&rsquo;effort collectif de sensibilisation et de communication sur cette probl\u00e9matique de sant\u00e9 publique.<br>Ce bulletin est un outil essentiel pour rendre compte des progr\u00e8s r\u00e9alis\u00e9s et renforcer l&rsquo;engagement des acteurs dans la lutte contre le VIH, le Sida et les IST. Il permet \u00e9galement de mieux informer le public et de promouvoir des comportements responsables pour lutter efficacement contre la pand\u00e9mie.<\/p>\n\n\n\n<figure class=\"wp-block-gallery has-nested-images columns-default is-cropped wp-block-gallery-2 is-layout-flex wp-block-gallery-is-layout-flex\">\n<figure class=\"wp-block-image size-large\"><img fetchpriority=\"high\" decoding=\"async\" width=\"1024\" height=\"461\" data-id=\"1897\" src=\"https:\/\/regipiv-bf.org\/wp-content\/uploads\/2025\/01\/WhatsApp-Image-2025-01-14-a-09.50.33_cf84b3c0-1024x461.jpg\" alt=\"\" class=\"wp-image-1897\" srcset=\"https:\/\/regipiv-bf.org\/wp-content\/uploads\/2025\/01\/WhatsApp-Image-2025-01-14-a-09.50.33_cf84b3c0-1024x461.jpg 1024w, https:\/\/regipiv-bf.org\/wp-content\/uploads\/2025\/01\/WhatsApp-Image-2025-01-14-a-09.50.33_cf84b3c0-300x135.jpg 300w, https:\/\/regipiv-bf.org\/wp-content\/uploads\/2025\/01\/WhatsApp-Image-2025-01-14-a-09.50.33_cf84b3c0-768x346.jpg 768w, https:\/\/regipiv-bf.org\/wp-content\/uploads\/2025\/01\/WhatsApp-Image-2025-01-14-a-09.50.33_cf84b3c0-1536x691.jpg 1536w, https:\/\/regipiv-bf.org\/wp-content\/uploads\/2025\/01\/WhatsApp-Image-2025-01-14-a-09.50.33_cf84b3c0-2048x922.jpg 2048w\" sizes=\"(max-width: 1024px) 100vw, 1024px\" \/><\/figure>\n<\/figure>\n\t\t\t\t\t\t\t\t<\/div>\n\t\t\t\t\t<\/div>\n\t\t\t\t<\/div>\n\t\t\t\t<\/div>\n\t\t","protected":false},"excerpt":{"rendered":"<p>La strat\u00e9gie nationale de communication en mati\u00e8re de lutte contre le VIH, le Sida et<\/p>\n","protected":false},"author":2,"featured_media":0,"comment_status":"open","ping_status":"closed","sticky":false,"template":"","format":"standard","meta":{"footnotes":""},"categories":[1],"tags":[],"class_list":["post-1894","post","type-post","status-publish","format-standard","hentry","category-temoignages"],"featured_image_urls":{"full":"","thumbnail":"","medium":"","medium_large":"","large":"","1536x1536":"","2048x2048":"","chromenews-featured":"","chromenews-large":"","chromenews-medium":""},"author_info":{"display_name":"Hakim KABORE","author_link":"https:\/\/regipiv-bf.org\/?author=2"},"category_info":"<a href=\"https:\/\/regipiv-bf.org\/?cat=1\" rel=\"category\">T\u00e9moignages<\/a>","tag_info":"T\u00e9moignages","comment_count":"0","_links":{"self":[{"href":"https:\/\/regipiv-bf.org\/index.php?rest_route=\/wp\/v2\/posts\/1894","targetHints":{"allow":["GET"]}}],"collection":[{"href":"https:\/\/regipiv-bf.org\/index.php?rest_route=\/wp\/v2\/posts"}],"about":[{"href":"https:\/\/regipiv-bf.org\/index.php?rest_route=\/wp\/v2\/types\/post"}],"author":[{"embeddable":true,"href":"https:\/\/regipiv-bf.org\/index.php?rest_route=\/wp\/v2\/users\/2"}],"replies":[{"embeddable":true,"href":"https:\/\/regipiv-bf.org\/index.php?rest_route=%2Fwp%2Fv2%2Fcomments&post=1894"}],"version-history":[{"count":4,"href":"https:\/\/regipiv-bf.org\/index.php?rest_route=\/wp\/v2\/posts\/1894\/revisions"}],"predecessor-version":[{"id":1901,"href":"https:\/\/regipiv-bf.org\/index.php?rest_route=\/wp\/v2\/posts\/1894\/revisions\/1901"}],"wp:attachment":[{"href":"https:\/\/regipiv-bf.org\/index.php?rest_route=%2Fwp%2Fv2%2Fmedia&parent=1894"}],"wp:term":[{"taxonomy":"category","embeddable":true,"href":"https:\/\/regipiv-bf.org\/index.php?rest_route=%2Fwp%2Fv2%2Fcategories&post=1894"},{"taxonomy":"post_tag","embeddable":true,"href":"https:\/\/regipiv-bf.org\/index.php?rest_route=%2Fwp%2Fv2%2Ftags&post=1894"}],"curies":[{"name":"wp","href":"https:\/\/api.w.org\/{rel}","templated":true}]}}