{"id":2226,"date":"2025-04-03T11:49:54","date_gmt":"2025-04-03T11:49:54","guid":{"rendered":"https:\/\/regipiv-bf.org\/?p=2226"},"modified":"2025-04-03T11:49:55","modified_gmt":"2025-04-03T11:49:55","slug":"briser-lisolement-des-groupes-de-parole-pour-renforcer-lestime-de-soi-des-jeunes-vivant-avec-le-vih","status":"publish","type":"post","link":"https:\/\/regipiv-bf.org\/?p=2226","title":{"rendered":"Briser l\u2019isolement : des groupes de parole pour renforcer l\u2019estime de soi des jeunes vivant avec le VIH"},"content":{"rendered":"\n<figure class=\"wp-block-gallery has-nested-images columns-default is-cropped wp-block-gallery-1 is-layout-flex wp-block-gallery-is-layout-flex\">\n<figure class=\"wp-block-image size-large\"><img fetchpriority=\"high\" decoding=\"async\" width=\"1024\" height=\"768\" data-id=\"2227\" src=\"https:\/\/regipiv-bf.org\/wp-content\/uploads\/2025\/04\/WhatsApp-Image-2025-04-03-a-11.26.36_36d6bb1b-1024x768.jpg\" alt=\"\" class=\"wp-image-2227\" srcset=\"https:\/\/regipiv-bf.org\/wp-content\/uploads\/2025\/04\/WhatsApp-Image-2025-04-03-a-11.26.36_36d6bb1b-1024x768.jpg 1024w, https:\/\/regipiv-bf.org\/wp-content\/uploads\/2025\/04\/WhatsApp-Image-2025-04-03-a-11.26.36_36d6bb1b-300x225.jpg 300w, https:\/\/regipiv-bf.org\/wp-content\/uploads\/2025\/04\/WhatsApp-Image-2025-04-03-a-11.26.36_36d6bb1b-768x576.jpg 768w, https:\/\/regipiv-bf.org\/wp-content\/uploads\/2025\/04\/WhatsApp-Image-2025-04-03-a-11.26.36_36d6bb1b.jpg 1080w\" sizes=\"(max-width: 1024px) 100vw, 1024px\" \/><\/figure>\n\n\n\n<figure class=\"wp-block-image size-large\"><img decoding=\"async\" width=\"1024\" height=\"768\" data-id=\"2228\" src=\"https:\/\/regipiv-bf.org\/wp-content\/uploads\/2025\/04\/WhatsApp-Image-2025-04-03-a-11.26.36_e2a96c19-1024x768.jpg\" alt=\"\" class=\"wp-image-2228\" srcset=\"https:\/\/regipiv-bf.org\/wp-content\/uploads\/2025\/04\/WhatsApp-Image-2025-04-03-a-11.26.36_e2a96c19-1024x768.jpg 1024w, https:\/\/regipiv-bf.org\/wp-content\/uploads\/2025\/04\/WhatsApp-Image-2025-04-03-a-11.26.36_e2a96c19-300x225.jpg 300w, https:\/\/regipiv-bf.org\/wp-content\/uploads\/2025\/04\/WhatsApp-Image-2025-04-03-a-11.26.36_e2a96c19-768x576.jpg 768w, https:\/\/regipiv-bf.org\/wp-content\/uploads\/2025\/04\/WhatsApp-Image-2025-04-03-a-11.26.36_e2a96c19.jpg 1080w\" sizes=\"(max-width: 1024px) 100vw, 1024px\" \/><\/figure>\n\n\n\n<figure class=\"wp-block-image size-large\"><img decoding=\"async\" width=\"1024\" height=\"461\" data-id=\"2229\" src=\"https:\/\/regipiv-bf.org\/wp-content\/uploads\/2025\/04\/WhatsApp-Image-2025-04-03-a-11.26.33_3f0961f8-1024x461.jpg\" alt=\"\" class=\"wp-image-2229\" srcset=\"https:\/\/regipiv-bf.org\/wp-content\/uploads\/2025\/04\/WhatsApp-Image-2025-04-03-a-11.26.33_3f0961f8-1024x461.jpg 1024w, https:\/\/regipiv-bf.org\/wp-content\/uploads\/2025\/04\/WhatsApp-Image-2025-04-03-a-11.26.33_3f0961f8-300x135.jpg 300w, https:\/\/regipiv-bf.org\/wp-content\/uploads\/2025\/04\/WhatsApp-Image-2025-04-03-a-11.26.33_3f0961f8-768x346.jpg 768w, https:\/\/regipiv-bf.org\/wp-content\/uploads\/2025\/04\/WhatsApp-Image-2025-04-03-a-11.26.33_3f0961f8-1536x691.jpg 1536w, https:\/\/regipiv-bf.org\/wp-content\/uploads\/2025\/04\/WhatsApp-Image-2025-04-03-a-11.26.33_3f0961f8-2048x922.jpg 2048w\" sizes=\"(max-width: 1024px) 100vw, 1024px\" \/><\/figure>\n\n\n\n<figure class=\"wp-block-image size-large\"><img loading=\"lazy\" decoding=\"async\" width=\"1024\" height=\"461\" data-id=\"2230\" src=\"https:\/\/regipiv-bf.org\/wp-content\/uploads\/2025\/04\/WhatsApp-Image-2025-04-03-a-11.26.34_e77f97c5-1024x461.jpg\" alt=\"\" class=\"wp-image-2230\" srcset=\"https:\/\/regipiv-bf.org\/wp-content\/uploads\/2025\/04\/WhatsApp-Image-2025-04-03-a-11.26.34_e77f97c5-1024x461.jpg 1024w, https:\/\/regipiv-bf.org\/wp-content\/uploads\/2025\/04\/WhatsApp-Image-2025-04-03-a-11.26.34_e77f97c5-300x135.jpg 300w, https:\/\/regipiv-bf.org\/wp-content\/uploads\/2025\/04\/WhatsApp-Image-2025-04-03-a-11.26.34_e77f97c5-768x346.jpg 768w, https:\/\/regipiv-bf.org\/wp-content\/uploads\/2025\/04\/WhatsApp-Image-2025-04-03-a-11.26.34_e77f97c5-1536x691.jpg 1536w, https:\/\/regipiv-bf.org\/wp-content\/uploads\/2025\/04\/WhatsApp-Image-2025-04-03-a-11.26.34_e77f97c5-2048x922.jpg 2048w\" sizes=\"(max-width: 1024px) 100vw, 1024px\" \/><\/figure>\n<\/figure>\n\n\n\n<p class=\"has-medium-font-size wp-block-paragraph\">Vivre avec le VIH en tant que jeune est un v\u00e9ritable d\u00e9fi, aussi bien sur le plan personnel que social. Beaucoup doivent faire face \u00e0 la stigmatisation, au rejet et aux pr\u00e9jug\u00e9s, ce qui affecte leur bien-\u00eatre psychologique. Certains ont du mal \u00e0 s\u2019accepter et \u00e0 suivre r\u00e9guli\u00e8rement leur traitement. Ce manque d\u2019estime de soi et l\u2019isolement sont des obstacles importants \u00e0 leur \u00e9panouissement.<\/p>\n\n\n\n<p class=\"has-medium-font-size wp-block-paragraph\">Pour r\u00e9pondre \u00e0 ces d\u00e9fis, le REGIPIV-BF, en partenariat avec le SPCNLS-IST, a soutenu des associations de jeunes vivant avec le VIH en leur apportant un appui technique et financier pour mettre en place des groupes de parole entre pairs dans les r\u00e9gions du Centre et des Hauts-Bassins.<\/p>\n\n\n\n<p class=\"has-medium-font-size wp-block-paragraph\">Ces groupes, compos\u00e9s de trois cohortes de 20 jeunes (deux \u00e0 Ouagadougou et une \u00e0 Bobo-Dioulasso), ont servi d\u2019espaces d\u2019\u00e9change et de soutien. Ils ont permis aux participants de partager leurs exp\u00e9riences et d&rsquo;acqu\u00e9rir de nouvelles comp\u00e9tences. Les discussions portaient sur des sujets essentiels comme la Sant\u00e9 Positive, Dignit\u00e9 et Pr\u00e9vention (SPDP), la pr\u00e9vention des IST et de la surinfection, la lutte contre la stigmatisation et la discrimination, la sant\u00e9 sexuelle et reproductive, ainsi que le suivi m\u00e9dical.<\/p>\n\n\n\n<p class=\"has-medium-font-size wp-block-paragraph\">L\u2019objectif principal de ces rencontres \u00e9tait d\u2019aider les jeunes \u00e0 renforcer leur estime de soi et leur confiance en eux, afin qu\u2019ils puissent mieux faire face aux d\u00e9fis li\u00e9s \u00e0 leur statut s\u00e9rologique.<\/p>\n","protected":false},"excerpt":{"rendered":"<p>Vivre avec le VIH en tant que jeune est un v\u00e9ritable d\u00e9fi, aussi bien sur<\/p>\n","protected":false},"author":2,"featured_media":2227,"comment_status":"open","ping_status":"closed","sticky":false,"template":"","format":"standard","meta":{"footnotes":""},"categories":[39,47,37,40],"tags":[78,87],"class_list":["post-2226","post","type-post","status-publish","format-standard","has-post-thumbnail","hentry","category-accompagnement","category-articles","category-prevention","category-soutien-psychosocial","tag-sp-cnls-burkina","tag-unicef-burkina-faso-2"],"featured_image_urls":{"full":["https:\/\/regipiv-bf.org\/wp-content\/uploads\/2025\/04\/WhatsApp-Image-2025-04-03-a-11.26.36_36d6bb1b.jpg",1080,810,false],"thumbnail":["https:\/\/regipiv-bf.org\/wp-content\/uploads\/2025\/04\/WhatsApp-Image-2025-04-03-a-11.26.36_36d6bb1b-150x150.jpg",150,150,true],"medium":["https:\/\/regipiv-bf.org\/wp-content\/uploads\/2025\/04\/WhatsApp-Image-2025-04-03-a-11.26.36_36d6bb1b-300x225.jpg",300,225,true],"medium_large":["https:\/\/regipiv-bf.org\/wp-content\/uploads\/2025\/04\/WhatsApp-Image-2025-04-03-a-11.26.36_36d6bb1b-768x576.jpg",640,480,true],"large":["https:\/\/regipiv-bf.org\/wp-content\/uploads\/2025\/04\/WhatsApp-Image-2025-04-03-a-11.26.36_36d6bb1b-1024x768.jpg",640,480,true],"1536x1536":["https:\/\/regipiv-bf.org\/wp-content\/uploads\/2025\/04\/WhatsApp-Image-2025-04-03-a-11.26.36_36d6bb1b.jpg",1080,810,false],"2048x2048":["https:\/\/regipiv-bf.org\/wp-content\/uploads\/2025\/04\/WhatsApp-Image-2025-04-03-a-11.26.36_36d6bb1b.jpg",1080,810,false],"chromenews-featured":["https:\/\/regipiv-bf.org\/wp-content\/uploads\/2025\/04\/WhatsApp-Image-2025-04-03-a-11.26.36_36d6bb1b-1024x768.jpg",1024,768,true],"chromenews-large":["https:\/\/regipiv-bf.org\/wp-content\/uploads\/2025\/04\/WhatsApp-Image-2025-04-03-a-11.26.36_36d6bb1b-825x575.jpg",825,575,true],"chromenews-medium":["https:\/\/regipiv-bf.org\/wp-content\/uploads\/2025\/04\/WhatsApp-Image-2025-04-03-a-11.26.36_36d6bb1b-590x410.jpg",590,410,true]},"author_info":{"display_name":"Hakim KABORE","author_link":"https:\/\/regipiv-bf.org\/?author=2"},"category_info":"<a href=\"https:\/\/regipiv-bf.org\/?cat=39\" rel=\"category\">Accompagnement<\/a> <a href=\"https:\/\/regipiv-bf.org\/?cat=47\" rel=\"category\">Articles<\/a> <a href=\"https:\/\/regipiv-bf.org\/?cat=37\" rel=\"category\">Pr\u00e9vention<\/a> <a href=\"https:\/\/regipiv-bf.org\/?cat=40\" rel=\"category\">Soutien psychosocial<\/a>","tag_info":"Soutien psychosocial","comment_count":"0","_links":{"self":[{"href":"https:\/\/regipiv-bf.org\/index.php?rest_route=\/wp\/v2\/posts\/2226","targetHints":{"allow":["GET"]}}],"collection":[{"href":"https:\/\/regipiv-bf.org\/index.php?rest_route=\/wp\/v2\/posts"}],"about":[{"href":"https:\/\/regipiv-bf.org\/index.php?rest_route=\/wp\/v2\/types\/post"}],"author":[{"embeddable":true,"href":"https:\/\/regipiv-bf.org\/index.php?rest_route=\/wp\/v2\/users\/2"}],"replies":[{"embeddable":true,"href":"https:\/\/regipiv-bf.org\/index.php?rest_route=%2Fwp%2Fv2%2Fcomments&post=2226"}],"version-history":[{"count":1,"href":"https:\/\/regipiv-bf.org\/index.php?rest_route=\/wp\/v2\/posts\/2226\/revisions"}],"predecessor-version":[{"id":2231,"href":"https:\/\/regipiv-bf.org\/index.php?rest_route=\/wp\/v2\/posts\/2226\/revisions\/2231"}],"wp:featuredmedia":[{"embeddable":true,"href":"https:\/\/regipiv-bf.org\/index.php?rest_route=\/wp\/v2\/media\/2227"}],"wp:attachment":[{"href":"https:\/\/regipiv-bf.org\/index.php?rest_route=%2Fwp%2Fv2%2Fmedia&parent=2226"}],"wp:term":[{"taxonomy":"category","embeddable":true,"href":"https:\/\/regipiv-bf.org\/index.php?rest_route=%2Fwp%2Fv2%2Fcategories&post=2226"},{"taxonomy":"post_tag","embeddable":true,"href":"https:\/\/regipiv-bf.org\/index.php?rest_route=%2Fwp%2Fv2%2Ftags&post=2226"}],"curies":[{"name":"wp","href":"https:\/\/api.w.org\/{rel}","templated":true}]}}