{"id":2384,"date":"2025-09-24T16:38:25","date_gmt":"2025-09-24T16:38:25","guid":{"rendered":"https:\/\/regipiv-bf.org\/?p=2384"},"modified":"2025-09-24T16:38:28","modified_gmt":"2025-09-24T16:38:28","slug":"atelier-de-restitution-des-resultats-de-letude-sur-lasero-discordance-chez-les-couples-suivis-dans-lecadre-de-la-ptme","status":"publish","type":"post","link":"https:\/\/regipiv-bf.org\/?p=2384","title":{"rendered":"ATELIER DE RESTITUTION DES RESULTATS DE L\u2019ETUDE SUR LASERO-DISCORDANCE CHEZ LES COUPLES SUIVIS DANS LECADRE DE LA PTME"},"content":{"rendered":"\n<figure class=\"wp-block-gallery has-nested-images columns-default is-cropped wp-block-gallery-1 is-layout-flex wp-block-gallery-is-layout-flex\">\n<figure class=\"wp-block-image size-large\"><img fetchpriority=\"high\" decoding=\"async\" width=\"1024\" height=\"766\" data-id=\"2387\" src=\"https:\/\/regipiv-bf.org\/wp-content\/uploads\/2025\/09\/WhatsApp-Image-2025-09-24-a-16.01.26_7cad211e-1024x766.jpg\" alt=\"\" class=\"wp-image-2387\" srcset=\"https:\/\/regipiv-bf.org\/wp-content\/uploads\/2025\/09\/WhatsApp-Image-2025-09-24-a-16.01.26_7cad211e-1024x766.jpg 1024w, https:\/\/regipiv-bf.org\/wp-content\/uploads\/2025\/09\/WhatsApp-Image-2025-09-24-a-16.01.26_7cad211e-300x224.jpg 300w, https:\/\/regipiv-bf.org\/wp-content\/uploads\/2025\/09\/WhatsApp-Image-2025-09-24-a-16.01.26_7cad211e-768x575.jpg 768w, https:\/\/regipiv-bf.org\/wp-content\/uploads\/2025\/09\/WhatsApp-Image-2025-09-24-a-16.01.26_7cad211e.jpg 1080w\" sizes=\"(max-width: 1024px) 100vw, 1024px\" \/><\/figure>\n\n\n\n<figure class=\"wp-block-image size-large\"><img decoding=\"async\" width=\"1024\" height=\"766\" data-id=\"2388\" src=\"https:\/\/regipiv-bf.org\/wp-content\/uploads\/2025\/09\/WhatsApp-Image-2025-09-24-a-16.01.27_7bf2da32-1024x766.jpg\" alt=\"\" class=\"wp-image-2388\" srcset=\"https:\/\/regipiv-bf.org\/wp-content\/uploads\/2025\/09\/WhatsApp-Image-2025-09-24-a-16.01.27_7bf2da32-1024x766.jpg 1024w, https:\/\/regipiv-bf.org\/wp-content\/uploads\/2025\/09\/WhatsApp-Image-2025-09-24-a-16.01.27_7bf2da32-300x224.jpg 300w, https:\/\/regipiv-bf.org\/wp-content\/uploads\/2025\/09\/WhatsApp-Image-2025-09-24-a-16.01.27_7bf2da32-768x575.jpg 768w, https:\/\/regipiv-bf.org\/wp-content\/uploads\/2025\/09\/WhatsApp-Image-2025-09-24-a-16.01.27_7bf2da32.jpg 1080w\" sizes=\"(max-width: 1024px) 100vw, 1024px\" \/><\/figure>\n\n\n\n<figure class=\"wp-block-image size-large\"><img decoding=\"async\" width=\"1024\" height=\"766\" data-id=\"2389\" src=\"https:\/\/regipiv-bf.org\/wp-content\/uploads\/2025\/09\/WhatsApp-Image-2025-09-24-a-16.00.50_97cfa7cc-1024x766.jpg\" alt=\"\" class=\"wp-image-2389\" srcset=\"https:\/\/regipiv-bf.org\/wp-content\/uploads\/2025\/09\/WhatsApp-Image-2025-09-24-a-16.00.50_97cfa7cc-1024x766.jpg 1024w, https:\/\/regipiv-bf.org\/wp-content\/uploads\/2025\/09\/WhatsApp-Image-2025-09-24-a-16.00.50_97cfa7cc-300x224.jpg 300w, https:\/\/regipiv-bf.org\/wp-content\/uploads\/2025\/09\/WhatsApp-Image-2025-09-24-a-16.00.50_97cfa7cc-768x575.jpg 768w, https:\/\/regipiv-bf.org\/wp-content\/uploads\/2025\/09\/WhatsApp-Image-2025-09-24-a-16.00.50_97cfa7cc.jpg 1080w\" sizes=\"(max-width: 1024px) 100vw, 1024px\" \/><\/figure>\n<\/figure>\n\n\n\n<p class=\"has-medium-font-size wp-block-paragraph\">Vivre en couple, c\u2019est partager des joies, des \u00e9preuves, et parfois des d\u00e9fis inattendus. Parmi eux, la s\u00e9ro-discordance ou s\u00e9ro-diff\u00e9rence \u2013 lorsque l\u2019un des partenaires vit avec le VIH et l\u2019autre non \u2013 demeure une r\u00e9alit\u00e9 complexe, souvent m\u00e9connue. Derri\u00e8re ce terme technique se cachent des histoires humaines faites d\u2019amour, de r\u00e9silience mais aussi d\u2019inqui\u00e9tudes : la peur de nouvelles infections, les difficult\u00e9s \u00e0 g\u00e9rer les traitements, le poids de la stigmatisation, et la recherche permanente d\u2019un \u00e9quilibre entre sant\u00e9, confiance et avenir commun.<br>Conscient de ces r\u00e9alit\u00e9s, le R\u00e9seau national pour une plus Grande Implication des Personnes Infect\u00e9es et affect\u00e9es au VIH au Burkina Faso (REGIPIV-BF), avec l\u2019appui de l\u2019UNICEF, a conduit une \u00e9tude socio-\u00e9cologique afin de comprendre les facteurs explicatifs de la s\u00e9ro-discordance chez les couples suivis dans le cadre de la PTME (couples o\u00f9 la femme est infect\u00e9e au VIH et son conjoint ne l&rsquo;est pas). L\u2019ambition de cette initiative \u00e9tait claire : mieux comprendre pour mieux agir, et ainsi renforcer les r\u00e9ponses sanitaires et communautaires adapt\u00e9es \u00e0 ces couples.<br>Dans cette dynamique, un atelier s\u2019est tenu hier, mardi 23 septembre 2025. Cet espace de rencontre et d&rsquo;\u00e9changes avait pour objectif de pr\u00e9senter les r\u00e9sultats provisoires de l\u2019\u00e9tude.<br>Au-del\u00e0 d\u2019une simple restitution, cet atelier a constitu\u00e9 un moment cl\u00e9 pour transformer les enseignements issus de la recherche en leviers d\u2019action. Acteurs institutionnels, partenaires techniques et financiers, ainsi que repr\u00e9sentants communautaires ont \u00e9t\u00e9 r\u00e9unis afin de discuter des r\u00e9sultats de l&rsquo;\u00e9tude, de formuler des observations pour une un rapport final de qualit\u00e9 qui pourra coconstruire des recommandations strat\u00e9giques solides, porteuses d\u2019espoir pour un accompagnement plus efficace et plus humain des couples en situation de s\u00e9ro-discordance au Burkina Faso.<\/p>\n","protected":false},"excerpt":{"rendered":"<p>Vivre en couple, c\u2019est partager des joies, des \u00e9preuves, et parfois des d\u00e9fis inattendus. Parmi<\/p>\n","protected":false},"author":2,"featured_media":2388,"comment_status":"open","ping_status":"closed","sticky":false,"template":"","format":"standard","meta":{"footnotes":""},"categories":[39,47,42,34,1],"tags":[92,90,86,78,87],"class_list":["post-2384","post","type-post","status-publish","format-standard","has-post-thumbnail","hentry","category-accompagnement","category-articles","category-information-vih-sida","category-partenaires","category-temoignages","tag-pam","tag-partenaires","tag-regipiv-burkina-faso","tag-sp-cnls-burkina","tag-unicef-burkina-faso-2"],"featured_image_urls":{"full":["https:\/\/regipiv-bf.org\/wp-content\/uploads\/2025\/09\/WhatsApp-Image-2025-09-24-a-16.01.27_7bf2da32.jpg",1080,808,false],"thumbnail":["https:\/\/regipiv-bf.org\/wp-content\/uploads\/2025\/09\/WhatsApp-Image-2025-09-24-a-16.01.27_7bf2da32-150x150.jpg",150,150,true],"medium":["https:\/\/regipiv-bf.org\/wp-content\/uploads\/2025\/09\/WhatsApp-Image-2025-09-24-a-16.01.27_7bf2da32-300x224.jpg",300,224,true],"medium_large":["https:\/\/regipiv-bf.org\/wp-content\/uploads\/2025\/09\/WhatsApp-Image-2025-09-24-a-16.01.27_7bf2da32-768x575.jpg",640,479,true],"large":["https:\/\/regipiv-bf.org\/wp-content\/uploads\/2025\/09\/WhatsApp-Image-2025-09-24-a-16.01.27_7bf2da32-1024x766.jpg",640,479,true],"1536x1536":["https:\/\/regipiv-bf.org\/wp-content\/uploads\/2025\/09\/WhatsApp-Image-2025-09-24-a-16.01.27_7bf2da32.jpg",1080,808,false],"2048x2048":["https:\/\/regipiv-bf.org\/wp-content\/uploads\/2025\/09\/WhatsApp-Image-2025-09-24-a-16.01.27_7bf2da32.jpg",1080,808,false],"chromenews-featured":["https:\/\/regipiv-bf.org\/wp-content\/uploads\/2025\/09\/WhatsApp-Image-2025-09-24-a-16.01.27_7bf2da32-1024x766.jpg",1024,766,true],"chromenews-large":["https:\/\/regipiv-bf.org\/wp-content\/uploads\/2025\/09\/WhatsApp-Image-2025-09-24-a-16.01.27_7bf2da32-825x575.jpg",825,575,true],"chromenews-medium":["https:\/\/regipiv-bf.org\/wp-content\/uploads\/2025\/09\/WhatsApp-Image-2025-09-24-a-16.01.27_7bf2da32-590x410.jpg",590,410,true]},"author_info":{"display_name":"Hakim KABORE","author_link":"https:\/\/regipiv-bf.org\/?author=2"},"category_info":"<a href=\"https:\/\/regipiv-bf.org\/?cat=39\" rel=\"category\">Accompagnement<\/a> <a href=\"https:\/\/regipiv-bf.org\/?cat=47\" rel=\"category\">Articles<\/a> <a href=\"https:\/\/regipiv-bf.org\/?cat=42\" rel=\"category\">Information VIH\/SIDA<\/a> <a href=\"https:\/\/regipiv-bf.org\/?cat=34\" rel=\"category\">Partenaires<\/a> <a href=\"https:\/\/regipiv-bf.org\/?cat=1\" rel=\"category\">T\u00e9moignages<\/a>","tag_info":"T\u00e9moignages","comment_count":"0","_links":{"self":[{"href":"https:\/\/regipiv-bf.org\/index.php?rest_route=\/wp\/v2\/posts\/2384","targetHints":{"allow":["GET"]}}],"collection":[{"href":"https:\/\/regipiv-bf.org\/index.php?rest_route=\/wp\/v2\/posts"}],"about":[{"href":"https:\/\/regipiv-bf.org\/index.php?rest_route=\/wp\/v2\/types\/post"}],"author":[{"embeddable":true,"href":"https:\/\/regipiv-bf.org\/index.php?rest_route=\/wp\/v2\/users\/2"}],"replies":[{"embeddable":true,"href":"https:\/\/regipiv-bf.org\/index.php?rest_route=%2Fwp%2Fv2%2Fcomments&post=2384"}],"version-history":[{"count":1,"href":"https:\/\/regipiv-bf.org\/index.php?rest_route=\/wp\/v2\/posts\/2384\/revisions"}],"predecessor-version":[{"id":2390,"href":"https:\/\/regipiv-bf.org\/index.php?rest_route=\/wp\/v2\/posts\/2384\/revisions\/2390"}],"wp:featuredmedia":[{"embeddable":true,"href":"https:\/\/regipiv-bf.org\/index.php?rest_route=\/wp\/v2\/media\/2388"}],"wp:attachment":[{"href":"https:\/\/regipiv-bf.org\/index.php?rest_route=%2Fwp%2Fv2%2Fmedia&parent=2384"}],"wp:term":[{"taxonomy":"category","embeddable":true,"href":"https:\/\/regipiv-bf.org\/index.php?rest_route=%2Fwp%2Fv2%2Fcategories&post=2384"},{"taxonomy":"post_tag","embeddable":true,"href":"https:\/\/regipiv-bf.org\/index.php?rest_route=%2Fwp%2Fv2%2Ftags&post=2384"}],"curies":[{"name":"wp","href":"https:\/\/api.w.org\/{rel}","templated":true}]}}