{"id":2425,"date":"2025-12-05T16:54:43","date_gmt":"2025-12-05T16:54:43","guid":{"rendered":"https:\/\/regipiv-bf.org\/?p=2425"},"modified":"2025-12-05T16:54:45","modified_gmt":"2025-12-05T16:54:45","slug":"celebration-de-la-journee-mondiale-du-sida-au-burkina-faso","status":"publish","type":"post","link":"https:\/\/regipiv-bf.org\/?p=2425","title":{"rendered":"C\u00e9l\u00e9bration de la Journ\u00e9e mondiale du Sida au Burkina Faso"},"content":{"rendered":"\n<figure class=\"wp-block-gallery has-nested-images columns-default is-cropped wp-block-gallery-1 is-layout-flex wp-block-gallery-is-layout-flex\">\n<figure class=\"wp-block-image size-large\"><img fetchpriority=\"high\" decoding=\"async\" width=\"1024\" height=\"461\" data-id=\"2443\" src=\"https:\/\/regipiv-bf.org\/wp-content\/uploads\/2025\/12\/WhatsApp-Image-2025-12-05-at-16.36.25-1-1024x461.jpeg\" alt=\"\" class=\"wp-image-2443\" srcset=\"https:\/\/regipiv-bf.org\/wp-content\/uploads\/2025\/12\/WhatsApp-Image-2025-12-05-at-16.36.25-1-1024x461.jpeg 1024w, https:\/\/regipiv-bf.org\/wp-content\/uploads\/2025\/12\/WhatsApp-Image-2025-12-05-at-16.36.25-1-300x135.jpeg 300w, https:\/\/regipiv-bf.org\/wp-content\/uploads\/2025\/12\/WhatsApp-Image-2025-12-05-at-16.36.25-1-768x346.jpeg 768w, https:\/\/regipiv-bf.org\/wp-content\/uploads\/2025\/12\/WhatsApp-Image-2025-12-05-at-16.36.25-1.jpeg 1200w\" sizes=\"(max-width: 1024px) 100vw, 1024px\" \/><\/figure>\n\n\n\n<figure class=\"wp-block-image size-large\"><img decoding=\"async\" width=\"1024\" height=\"461\" data-id=\"2441\" src=\"https:\/\/regipiv-bf.org\/wp-content\/uploads\/2025\/12\/WhatsApp-Image-2025-12-05-at-16.36.24-2-1-1024x461.jpeg\" alt=\"\" class=\"wp-image-2441\" srcset=\"https:\/\/regipiv-bf.org\/wp-content\/uploads\/2025\/12\/WhatsApp-Image-2025-12-05-at-16.36.24-2-1-1024x461.jpeg 1024w, https:\/\/regipiv-bf.org\/wp-content\/uploads\/2025\/12\/WhatsApp-Image-2025-12-05-at-16.36.24-2-1-300x135.jpeg 300w, https:\/\/regipiv-bf.org\/wp-content\/uploads\/2025\/12\/WhatsApp-Image-2025-12-05-at-16.36.24-2-1-768x346.jpeg 768w, https:\/\/regipiv-bf.org\/wp-content\/uploads\/2025\/12\/WhatsApp-Image-2025-12-05-at-16.36.24-2-1.jpeg 1200w\" sizes=\"(max-width: 1024px) 100vw, 1024px\" \/><\/figure>\n\n\n\n<figure class=\"wp-block-image size-large\"><img decoding=\"async\" width=\"1024\" height=\"461\" data-id=\"2442\" src=\"https:\/\/regipiv-bf.org\/wp-content\/uploads\/2025\/12\/WhatsApp-Image-2025-12-05-at-16.36.23-1-1-1024x461.jpeg\" alt=\"\" class=\"wp-image-2442\" srcset=\"https:\/\/regipiv-bf.org\/wp-content\/uploads\/2025\/12\/WhatsApp-Image-2025-12-05-at-16.36.23-1-1-1024x461.jpeg 1024w, https:\/\/regipiv-bf.org\/wp-content\/uploads\/2025\/12\/WhatsApp-Image-2025-12-05-at-16.36.23-1-1-300x135.jpeg 300w, https:\/\/regipiv-bf.org\/wp-content\/uploads\/2025\/12\/WhatsApp-Image-2025-12-05-at-16.36.23-1-1-768x346.jpeg 768w, https:\/\/regipiv-bf.org\/wp-content\/uploads\/2025\/12\/WhatsApp-Image-2025-12-05-at-16.36.23-1-1.jpeg 1200w\" sizes=\"(max-width: 1024px) 100vw, 1024px\" \/><\/figure>\n\n\n\n<figure class=\"wp-block-image size-large\"><img loading=\"lazy\" decoding=\"async\" width=\"1024\" height=\"461\" data-id=\"2440\" src=\"https:\/\/regipiv-bf.org\/wp-content\/uploads\/2025\/12\/WhatsApp-Image-2025-12-05-at-16.36.23-4-1024x461.jpeg\" alt=\"\" class=\"wp-image-2440\" srcset=\"https:\/\/regipiv-bf.org\/wp-content\/uploads\/2025\/12\/WhatsApp-Image-2025-12-05-at-16.36.23-4-1024x461.jpeg 1024w, https:\/\/regipiv-bf.org\/wp-content\/uploads\/2025\/12\/WhatsApp-Image-2025-12-05-at-16.36.23-4-300x135.jpeg 300w, https:\/\/regipiv-bf.org\/wp-content\/uploads\/2025\/12\/WhatsApp-Image-2025-12-05-at-16.36.23-4-768x346.jpeg 768w, https:\/\/regipiv-bf.org\/wp-content\/uploads\/2025\/12\/WhatsApp-Image-2025-12-05-at-16.36.23-4.jpeg 1200w\" sizes=\"(max-width: 1024px) 100vw, 1024px\" \/><\/figure>\n<\/figure>\n\n\n\n<p class=\"has-medium-font-size wp-block-paragraph\">Ce matin, le REGIPIV-BF a pris part \u00e0 la c\u00e9l\u00e9bration nationale de la Journ\u00e9e mondiale du Sida, organis\u00e9e sous le th\u00e8me : \u00ab <strong>Surmonter les perturbations, transformer la riposte au Sida <\/strong>\u00bb. Cette comm\u00e9moration a r\u00e9uni de nombreux acteurs institutionnels, techniques et communautaires, en pr\u00e9sence du Ministre de la Sant\u00e9, Dr Robert KARGOUGOU, qui a r\u00e9affirm\u00e9 l\u2019engagement de l\u2019\u00c9tat \u00e0 renforcer la lutte contre le VIH au Burkina Faso malgr\u00e9 les d\u00e9fis actuels.<\/p>\n\n\n\n<p class=\"has-medium-font-size wp-block-paragraph\">Au cours de cette c\u00e9r\u00e9monie, un moment particuli\u00e8rement marquant est venu rehausser la visibilit\u00e9 du r\u00e9seau : l\u2019association TASSAGHT de Gorom-Gorom, membre active du REGIPIV-BF, a \u00e9t\u00e9 distingu\u00e9e comme meilleure organisation engag\u00e9e dans l\u2019\u00e9limination de la transmission m\u00e8re-enfant du VIH, de la syphilis et de l\u2019h\u00e9patite B. Cette reconnaissance valorise le travail remarquable effectu\u00e9 au quotidien par l\u2019association et souligne l\u2019importance des actions communautaires dans la protection des femmes, des enfants et des familles.<\/p>\n\n\n\n<p class=\"has-medium-font-size wp-block-paragraph\">Cette distinction t\u00e9moigne de la force de l\u2019engagement du REGIPIV-BF \u00e0 travers ses membres et rappelle que, malgr\u00e9 les perturbations et les d\u00e9fis rencontr\u00e9s, les initiatives communautaires continuent d\u2019avoir un impact r\u00e9el, profond et durable. Elles prot\u00e8gent, elles soutiennent et elles transforment des vies, renfor\u00e7ant ainsi la riposte nationale face au VIH.<\/p>\n\n\n\n<p class=\"has-medium-font-size wp-block-paragraph\">Le REGIPIV-BF r\u00e9affirme son engagement \u00e0 poursuivre, aux c\u00f4t\u00e9s des autorit\u00e9s sanitaires et des partenaires, des actions orient\u00e9es vers la r\u00e9silience, la solidarit\u00e9 et l\u2019am\u00e9lioration de la qualit\u00e9 de vie des personnes infect\u00e9es et affect\u00e9es par le VIH.<\/p>\n","protected":false},"excerpt":{"rendered":"<p>Ce matin, le REGIPIV-BF a pris part \u00e0 la c\u00e9l\u00e9bration nationale de la Journ\u00e9e mondiale<\/p>\n","protected":false},"author":2,"featured_media":2440,"comment_status":"open","ping_status":"closed","sticky":false,"template":"","format":"standard","meta":{"footnotes":""},"categories":[47,48,42,49],"tags":[],"class_list":["post-2425","post","type-post","status-publish","format-standard","has-post-thumbnail","hentry","category-articles","category-evenements","category-information-vih-sida","category-newsletters"],"featured_image_urls":{"full":["https:\/\/regipiv-bf.org\/wp-content\/uploads\/2025\/12\/WhatsApp-Image-2025-12-05-at-16.36.23-4.jpeg",1200,540,false],"thumbnail":["https:\/\/regipiv-bf.org\/wp-content\/uploads\/2025\/12\/WhatsApp-Image-2025-12-05-at-16.36.23-4-150x150.jpeg",150,150,true],"medium":["https:\/\/regipiv-bf.org\/wp-content\/uploads\/2025\/12\/WhatsApp-Image-2025-12-05-at-16.36.23-4-300x135.jpeg",300,135,true],"medium_large":["https:\/\/regipiv-bf.org\/wp-content\/uploads\/2025\/12\/WhatsApp-Image-2025-12-05-at-16.36.23-4-768x346.jpeg",640,288,true],"large":["https:\/\/regipiv-bf.org\/wp-content\/uploads\/2025\/12\/WhatsApp-Image-2025-12-05-at-16.36.23-4-1024x461.jpeg",640,288,true],"1536x1536":["https:\/\/regipiv-bf.org\/wp-content\/uploads\/2025\/12\/WhatsApp-Image-2025-12-05-at-16.36.23-4.jpeg",1200,540,false],"2048x2048":["https:\/\/regipiv-bf.org\/wp-content\/uploads\/2025\/12\/WhatsApp-Image-2025-12-05-at-16.36.23-4.jpeg",1200,540,false],"chromenews-featured":["https:\/\/regipiv-bf.org\/wp-content\/uploads\/2025\/12\/WhatsApp-Image-2025-12-05-at-16.36.23-4-1024x461.jpeg",1024,461,true],"chromenews-large":["https:\/\/regipiv-bf.org\/wp-content\/uploads\/2025\/12\/WhatsApp-Image-2025-12-05-at-16.36.23-4-825x540.jpeg",825,540,true],"chromenews-medium":["https:\/\/regipiv-bf.org\/wp-content\/uploads\/2025\/12\/WhatsApp-Image-2025-12-05-at-16.36.23-4-590x410.jpeg",590,410,true]},"author_info":{"display_name":"Hakim KABORE","author_link":"https:\/\/regipiv-bf.org\/?author=2"},"category_info":"<a href=\"https:\/\/regipiv-bf.org\/?cat=47\" rel=\"category\">Articles<\/a> <a href=\"https:\/\/regipiv-bf.org\/?cat=48\" rel=\"category\">\u00c9v\u00e9nements<\/a> <a href=\"https:\/\/regipiv-bf.org\/?cat=42\" rel=\"category\">Information VIH\/SIDA<\/a> <a href=\"https:\/\/regipiv-bf.org\/?cat=49\" rel=\"category\">Newsletters<\/a>","tag_info":"Newsletters","comment_count":"0","_links":{"self":[{"href":"https:\/\/regipiv-bf.org\/index.php?rest_route=\/wp\/v2\/posts\/2425","targetHints":{"allow":["GET"]}}],"collection":[{"href":"https:\/\/regipiv-bf.org\/index.php?rest_route=\/wp\/v2\/posts"}],"about":[{"href":"https:\/\/regipiv-bf.org\/index.php?rest_route=\/wp\/v2\/types\/post"}],"author":[{"embeddable":true,"href":"https:\/\/regipiv-bf.org\/index.php?rest_route=\/wp\/v2\/users\/2"}],"replies":[{"embeddable":true,"href":"https:\/\/regipiv-bf.org\/index.php?rest_route=%2Fwp%2Fv2%2Fcomments&post=2425"}],"version-history":[{"count":1,"href":"https:\/\/regipiv-bf.org\/index.php?rest_route=\/wp\/v2\/posts\/2425\/revisions"}],"predecessor-version":[{"id":2444,"href":"https:\/\/regipiv-bf.org\/index.php?rest_route=\/wp\/v2\/posts\/2425\/revisions\/2444"}],"wp:featuredmedia":[{"embeddable":true,"href":"https:\/\/regipiv-bf.org\/index.php?rest_route=\/wp\/v2\/media\/2440"}],"wp:attachment":[{"href":"https:\/\/regipiv-bf.org\/index.php?rest_route=%2Fwp%2Fv2%2Fmedia&parent=2425"}],"wp:term":[{"taxonomy":"category","embeddable":true,"href":"https:\/\/regipiv-bf.org\/index.php?rest_route=%2Fwp%2Fv2%2Fcategories&post=2425"},{"taxonomy":"post_tag","embeddable":true,"href":"https:\/\/regipiv-bf.org\/index.php?rest_route=%2Fwp%2Fv2%2Ftags&post=2425"}],"curies":[{"name":"wp","href":"https:\/\/api.w.org\/{rel}","templated":true}]}}